{"id":1404,"date":"2026-03-14T20:30:55","date_gmt":"2026-03-14T23:30:55","guid":{"rendered":"https:\/\/puxandoassunto.com.br\/site\/?p=1404"},"modified":"2026-03-14T20:40:27","modified_gmt":"2026-03-14T23:40:27","slug":"caminhoneiros-sofrem-emboscadas-na-br-232-no-municipio-de-flores","status":"publish","type":"post","link":"https:\/\/puxandoassunto.com.br\/site\/1404\/","title":{"rendered":"Caminhoneiros sofrem emboscadas na BR 232, no munic\u00edpio de Flores"},"content":{"rendered":"<p style=\"text-align: justify;\"><span class=\"_ap3a _aaco _aacu _aacx _aad7 _aade\" dir=\"auto\">Motoristas de caminh\u00e3o denunciaram uma s\u00e9rie de tentativas de assalto na madrugada deste s\u00e1bado (14\/03) na BR-232, na regi\u00e3o do munic\u00edpio de Flores, no Sert\u00e3o do Paje\u00fa.<\/span><\/p>\n<p>Segundo relatos, mais de 30 caminh\u00f5es ficaram parados no distrito de S\u00edtio dos Nunes ap\u00f3s ataques com pedras nas proximidades da Barragem do Mel. Criminosos teriam arremessado pedras contra os ve\u00edculos nos quebra-molas da rodovia para for\u00e7ar a parada e realizar assaltos.<\/p>\n<p>Um v\u00eddeo que circula no Instagram mostra diversos caminhoneiros aguardando para seguir viagem em dire\u00e7\u00e3o a Serra Talhada e Salgueiro. Nas imagens, ele afirma que v\u00e1rios caminh\u00f5es estavam com os para-brisas quebrados ap\u00f3s a suposta emboscada.<\/p>\n<p>Conforme os relatos, pelo menos tr\u00eas pessoas estariam jogando pedras contra os ve\u00edculos na tentativa de provocar paradas para assaltos. Mesmo com os danos, os motoristas seguiram viagem at\u00e9 conseguir parar com seguran\u00e7a em S\u00edtio dos Nunes.<\/p>\n<p>A situa\u00e7\u00e3o s\u00f3 teria sido normalizada ap\u00f3s a Pol\u00edcia Rodovi\u00e1ria ser acionada e se deslocar at\u00e9 a regi\u00e3o da Barragem do Mel para garantir a seguran\u00e7a dos condutores.<\/p>\n<p>Confira o v\u00eddeo <a href=\"https:\/\/www.instagram.com\/p\/DV3Nv_7jmgA\/?utm_source=ig_web_copy_link&amp;igsh=NTc4MTIwNjQ2YQ==\" target=\"_blank\" rel=\"noopener\">neste link.<\/a><\/p>\n","protected":false},"excerpt":{"rendered":"<p>Motoristas de caminh\u00e3o denunciaram uma s\u00e9rie de tentativas de assalto na madrugada deste s\u00e1bado (14\/03) na BR-232, na regi\u00e3o do munic\u00edpio de Flores, no Sert\u00e3o do Paje\u00fa. Segundo relatos, mais&hellip;<\/p>\n","protected":false},"author":2,"featured_media":1407,"comment_status":"closed","ping_status":"closed","sticky":false,"template":"","format":"standard","meta":{"_bbp_topic_count":0,"_bbp_reply_count":0,"_bbp_total_topic_count":0,"_bbp_total_reply_count":0,"_bbp_voice_count":0,"_bbp_anonymous_reply_count":0,"_bbp_topic_count_hidden":0,"_bbp_reply_count_hidden":0,"_bbp_forum_subforum_count":0,"_monsterinsights_skip_tracking":false,"_monsterinsights_sitenote_active":false,"_monsterinsights_sitenote_note":"","_monsterinsights_sitenote_category":0,"footnotes":""},"categories":[23],"tags":[],"class_list":["post-1404","post","type-post","status-publish","format-standard","has-post-thumbnail","hentry","category-seguranca"],"_links":{"self":[{"href":"https:\/\/puxandoassunto.com.br\/site\/wp-json\/wp\/v2\/posts\/1404","targetHints":{"allow":["GET"]}}],"collection":[{"href":"https:\/\/puxandoassunto.com.br\/site\/wp-json\/wp\/v2\/posts"}],"about":[{"href":"https:\/\/puxandoassunto.com.br\/site\/wp-json\/wp\/v2\/types\/post"}],"author":[{"embeddable":true,"href":"https:\/\/puxandoassunto.com.br\/site\/wp-json\/wp\/v2\/users\/2"}],"replies":[{"embeddable":true,"href":"https:\/\/puxandoassunto.com.br\/site\/wp-json\/wp\/v2\/comments?post=1404"}],"version-history":[{"count":2,"href":"https:\/\/puxandoassunto.com.br\/site\/wp-json\/wp\/v2\/posts\/1404\/revisions"}],"predecessor-version":[{"id":1408,"href":"https:\/\/puxandoassunto.com.br\/site\/wp-json\/wp\/v2\/posts\/1404\/revisions\/1408"}],"wp:featuredmedia":[{"embeddable":true,"href":"https:\/\/puxandoassunto.com.br\/site\/wp-json\/wp\/v2\/media\/1407"}],"wp:attachment":[{"href":"https:\/\/puxandoassunto.com.br\/site\/wp-json\/wp\/v2\/media?parent=1404"}],"wp:term":[{"taxonomy":"category","embeddable":true,"href":"https:\/\/puxandoassunto.com.br\/site\/wp-json\/wp\/v2\/categories?post=1404"},{"taxonomy":"post_tag","embeddable":true,"href":"https:\/\/puxandoassunto.com.br\/site\/wp-json\/wp\/v2\/tags?post=1404"}],"curies":[{"name":"wp","href":"https:\/\/api.w.org\/{rel}","templated":true}]}}