{"id":1409,"date":"2026-03-14T23:45:55","date_gmt":"2026-03-15T02:45:55","guid":{"rendered":"https:\/\/puxandoassunto.com.br\/site\/?p=1409"},"modified":"2026-03-14T23:45:55","modified_gmt":"2026-03-15T02:45:55","slug":"governo-prioriza-abastecimento-e-quer-evitar-alta-do-diesel","status":"publish","type":"post","link":"https:\/\/puxandoassunto.com.br\/site\/1409\/","title":{"rendered":"Governo prioriza abastecimento e quer evitar alta do diesel"},"content":{"rendered":"<p>De <a href=\"https:\/\/iclnoticias.com.br\/economia\/governo-prioriza-abastecimento-evitar\/\" target=\"_blank\" rel=\"noopener\">ICL Not\u00edcias<\/a><\/p>\n<p>O vice-presidente Geraldo Alckmin disse, neste s\u00e1bado (14), que o governo federal prioriza, neste momento, garantir abastecimento e \u201csegurar o pre\u00e7o\u201d do diesel. Ele defendeu as a\u00e7\u00f5es anunciadas, nesta semana, de zerar as al\u00edquotas de PIS\/Cofins sobre o diesel e da cria\u00e7\u00e3o de uma subven\u00e7\u00e3o de mais R$ 0,32 por litro. Ao todo, a expectativa \u00e9 reduzir, ao todo, pelo menos R$ 0,64 por litro na bomba.<\/p>\n<p>As medidas levam em conta que o Brasil importa 25% do diesel. Devido \u00e0 guerra no Oriente M\u00e9dio, houve aumento na cota\u00e7\u00e3o internacional do barril de petr\u00f3leo, o que impacta os pre\u00e7os na bomba de combust\u00edveis.<\/p>\n<p>O vice-presidente contextualizou que a alta do diesel pode encarecer alimentos e transportes, al\u00e9m de elevar a infla\u00e7\u00e3o. Alckmin, que tamb\u00e9m \u00e9 ministro do Desenvolvimento, Ind\u00fastria, Com\u00e9rcio e Servi\u00e7os (MDIC), visitou concession\u00e1ria da Scania em Santa Maria (DF) em fun\u00e7\u00e3o do andamento do programa Move Brasil (a pol\u00edtica p\u00fablica de est\u00edmulo \u00e0 renova\u00e7\u00e3o da frota de caminh\u00f5es).<\/p>\n<p style=\"text-align: justify;\">Alckmin considerou a a\u00e7\u00e3o do governo federal como \u201cinteligente\u201d e criticou medida do governo de Jair Bolsonaro (em 2022), que limitou a cobran\u00e7a do Imposto sobre Circula\u00e7\u00e3o de Mercadorias e Servi\u00e7os (ICMS) de combust\u00edveis e ainda vetou compensa\u00e7\u00e3o aos Estados.<\/p>\n<p style=\"text-align: justify;\">\u201cOs estados foram para a justi\u00e7a porque perderam receita. Acabou tudo judicializado, virando a\u00ed um precat\u00f3rio gigantesco, afirmou. O vice-presidente explicou que, embora o Brasil seja exportador de petr\u00f3leo, \u00e9 importador de diesel porque ainda n\u00e3o tem refino o suficiente para o mercado local.<br \/>\nIncentivo \u00e0 ind\u00fastria<br \/>\nEm rela\u00e7\u00e3o ao programa Move Brasil, o vice-presidente defendeu a estrat\u00e9gia de impulsionamento da ind\u00fastria com \u201cdeprecia\u00e7\u00e3o acelerada\u201d dos equipamentos.<\/p>\n<p style=\"text-align: justify;\">\u201cLan\u00e7amos o Move Brasil colocando R$ 10 bilh\u00f5es, e sa\u00edmos de juros de m\u00e9dia de 23% para 13%. A resposta foi espetacular\u201d, avaliou. Ele disse que, com dois meses do programa, j\u00e1 foram aplicados R$ 6,2 bilh\u00f5es dos recursos previstos.<\/p>\n<p style=\"text-align: justify;\">Ele acrescentou que o programa estimulou o caminhoneiro aut\u00f4nomo a comprar um ve\u00edculo zero quil\u00f4metro ou semi-novo. O vice-presidente tamb\u00e9m defendeu a iniciativa de estimular a ind\u00fastria do carro sustent\u00e1vel com a elimina\u00e7\u00e3o do Imposto sobre Produtos Industrializados (IPI).<\/p>\n<p style=\"text-align: justify;\">O carro sustent\u00e1vel \u00e9 aquele fabricado no Brasil, flex, com 80% de reciclabilidade e que n\u00e3o pode emitir mais que 83 gramas por quil\u00f4metro rodado. Alckmin explica que essa medida vai ter impacto na polui\u00e7\u00e3o ambiental.<\/p>\n<p style=\"text-align: justify;\">O vice-presidente alertou tamb\u00e9m que melhores equipamentos nas estradas tende a reduzir os acidentes. \u201cAo ter tecnologia, \u00e9 como uma vacina. Isso vai evitar acidentes e mortes\u201d.<\/p>\n","protected":false},"excerpt":{"rendered":"<p>De ICL Not\u00edcias O vice-presidente Geraldo Alckmin disse, neste s\u00e1bado (14), que o governo federal prioriza, neste momento, garantir abastecimento e \u201csegurar o pre\u00e7o\u201d do diesel. Ele defendeu as a\u00e7\u00f5es&hellip;<\/p>\n","protected":false},"author":2,"featured_media":1410,"comment_status":"closed","ping_status":"closed","sticky":false,"template":"","format":"standard","meta":{"_bbp_topic_count":0,"_bbp_reply_count":0,"_bbp_total_topic_count":0,"_bbp_total_reply_count":0,"_bbp_voice_count":0,"_bbp_anonymous_reply_count":0,"_bbp_topic_count_hidden":0,"_bbp_reply_count_hidden":0,"_bbp_forum_subforum_count":0,"_monsterinsights_skip_tracking":false,"_monsterinsights_sitenote_active":false,"_monsterinsights_sitenote_note":"","_monsterinsights_sitenote_category":0,"footnotes":""},"categories":[62],"tags":[],"class_list":["post-1409","post","type-post","status-publish","format-standard","has-post-thumbnail","hentry","category-governo"],"_links":{"self":[{"href":"https:\/\/puxandoassunto.com.br\/site\/wp-json\/wp\/v2\/posts\/1409","targetHints":{"allow":["GET"]}}],"collection":[{"href":"https:\/\/puxandoassunto.com.br\/site\/wp-json\/wp\/v2\/posts"}],"about":[{"href":"https:\/\/puxandoassunto.com.br\/site\/wp-json\/wp\/v2\/types\/post"}],"author":[{"embeddable":true,"href":"https:\/\/puxandoassunto.com.br\/site\/wp-json\/wp\/v2\/users\/2"}],"replies":[{"embeddable":true,"href":"https:\/\/puxandoassunto.com.br\/site\/wp-json\/wp\/v2\/comments?post=1409"}],"version-history":[{"count":1,"href":"https:\/\/puxandoassunto.com.br\/site\/wp-json\/wp\/v2\/posts\/1409\/revisions"}],"predecessor-version":[{"id":1411,"href":"https:\/\/puxandoassunto.com.br\/site\/wp-json\/wp\/v2\/posts\/1409\/revisions\/1411"}],"wp:featuredmedia":[{"embeddable":true,"href":"https:\/\/puxandoassunto.com.br\/site\/wp-json\/wp\/v2\/media\/1410"}],"wp:attachment":[{"href":"https:\/\/puxandoassunto.com.br\/site\/wp-json\/wp\/v2\/media?parent=1409"}],"wp:term":[{"taxonomy":"category","embeddable":true,"href":"https:\/\/puxandoassunto.com.br\/site\/wp-json\/wp\/v2\/categories?post=1409"},{"taxonomy":"post_tag","embeddable":true,"href":"https:\/\/puxandoassunto.com.br\/site\/wp-json\/wp\/v2\/tags?post=1409"}],"curies":[{"name":"wp","href":"https:\/\/api.w.org\/{rel}","templated":true}]}}