{"id":1514,"date":"2026-04-24T11:27:36","date_gmt":"2026-04-24T14:27:36","guid":{"rendered":"https:\/\/puxandoassunto.com.br\/site\/?p=1514"},"modified":"2026-04-24T11:57:44","modified_gmt":"2026-04-24T14:57:44","slug":"castracao-movel-carreta-do-estado-na-cidade-de-salgueiro-um-servico-incompleto","status":"publish","type":"post","link":"https:\/\/puxandoassunto.com.br\/site\/1514\/","title":{"rendered":"Castra\u00e7\u00e3o m\u00f3vel \u2013 Carreta do estado na cidade de Salgueiro: um servi\u00e7o incompleto"},"content":{"rendered":"<p style=\"text-align: justify;\">\u00c9 louv\u00e1vel que a carreta de castra\u00e7\u00e3o esteja na cidade, mas precisamos falar sobre a execu\u00e7\u00e3o. Castrar sem oferecer captura e local de p\u00f3s-operat\u00f3rio para os animais de rua e n\u00e3o prioriz\u00e1-los neste momento n\u00e3o \u00e9 pol\u00edtica p\u00fablica eficiente, \u00e9 transferir a obriga\u00e7\u00e3o do Estado para o colo do cidad\u00e3o. Um pequeno grupo de pessoas est\u00e1 sobrecarregado, fazendo o trabalho que a Secretaria de Sa\u00fade deveria ter planejado.<\/p>\n<p style=\"text-align: justify;\">N\u00e3o se trata de falta de empatia de quem n\u00e3o ajuda, mas de entender que o poder p\u00fablico \u00e9 quem possui os recursos e a estrutura para lidar com a magnitude desse problema. N\u00e3o podemos normalizar a omiss\u00e3o da prefeitura \u00e0s custas do esgotamento de volunt\u00e1rios.<\/p>\n<p style=\"text-align: justify;\">Todos nos sensibilizamos com a situa\u00e7\u00e3o dos animais de rua, mas \u00e9 preciso pontuar: o servi\u00e7o de castra\u00e7\u00e3o precisa vir acompanhado de suporte log\u00edstico.<\/p>\n<blockquote>\n<p style=\"text-align: justify;\">Atualmente, os protetores da nossa cidade est\u00e3o exaustos e pedindo socorro, tentando suprir a aus\u00eancia da prefeitura na captura e no cuidado p\u00f3s-operat\u00f3rio.<\/p>\n<\/blockquote>\n<p style=\"text-align: justify;\">Muitos de n\u00f3s, cidad\u00e3os, j\u00e1 estamos no limite das nossas responsabilidades com trabalho e fam\u00edlia. N\u00e3o \u00e9 justo que o Poder P\u00fablico se omita e espere que a popula\u00e7\u00e3o resolva sozinha um problema estrutural. Apoio a causa, mas cobro a quem de direito: a prefeitura\/estado precisa assumir sua parcela e n\u00e3o apenas &#8216;entregar o servi\u00e7o&#8217; pela metade.<\/p>\n<p style=\"text-align: justify;\">&#8220;A responsabilidade \u00e9 de quem governa!&#8221;<\/p>\n<p style=\"text-align: justify;\">Cl\u00e1udia Santos<br \/>\nProtetora Animal<\/p>\n<p><a href=\"https:\/\/www.instagram.com\/p\/DXhKs7TAB6T\/?utm_source=ig_web_copy_link&amp;igsh=MzRlODBiNWFlZA==\" target=\"_blank\" rel=\"noopener\">Comente sobre este artigo neste link do Instagram<\/a><\/p>\n","protected":false},"excerpt":{"rendered":"<p>\u00c9 louv\u00e1vel que a carreta de castra\u00e7\u00e3o esteja na cidade, mas precisamos falar sobre a execu\u00e7\u00e3o. Castrar sem oferecer captura e local de p\u00f3s-operat\u00f3rio para os animais de rua e&hellip;<\/p>\n","protected":false},"author":2,"featured_media":1515,"comment_status":"closed","ping_status":"closed","sticky":false,"template":"","format":"standard","meta":{"_bbp_topic_count":0,"_bbp_reply_count":0,"_bbp_total_topic_count":0,"_bbp_total_reply_count":0,"_bbp_voice_count":0,"_bbp_anonymous_reply_count":0,"_bbp_topic_count_hidden":0,"_bbp_reply_count_hidden":0,"_bbp_forum_subforum_count":0,"_monsterinsights_skip_tracking":false,"_monsterinsights_sitenote_active":false,"_monsterinsights_sitenote_note":"","_monsterinsights_sitenote_category":0,"footnotes":""},"categories":[33],"tags":[],"class_list":["post-1514","post","type-post","status-publish","format-standard","has-post-thumbnail","hentry","category-artigo"],"_links":{"self":[{"href":"https:\/\/puxandoassunto.com.br\/site\/wp-json\/wp\/v2\/posts\/1514","targetHints":{"allow":["GET"]}}],"collection":[{"href":"https:\/\/puxandoassunto.com.br\/site\/wp-json\/wp\/v2\/posts"}],"about":[{"href":"https:\/\/puxandoassunto.com.br\/site\/wp-json\/wp\/v2\/types\/post"}],"author":[{"embeddable":true,"href":"https:\/\/puxandoassunto.com.br\/site\/wp-json\/wp\/v2\/users\/2"}],"replies":[{"embeddable":true,"href":"https:\/\/puxandoassunto.com.br\/site\/wp-json\/wp\/v2\/comments?post=1514"}],"version-history":[{"count":3,"href":"https:\/\/puxandoassunto.com.br\/site\/wp-json\/wp\/v2\/posts\/1514\/revisions"}],"predecessor-version":[{"id":1518,"href":"https:\/\/puxandoassunto.com.br\/site\/wp-json\/wp\/v2\/posts\/1514\/revisions\/1518"}],"wp:featuredmedia":[{"embeddable":true,"href":"https:\/\/puxandoassunto.com.br\/site\/wp-json\/wp\/v2\/media\/1515"}],"wp:attachment":[{"href":"https:\/\/puxandoassunto.com.br\/site\/wp-json\/wp\/v2\/media?parent=1514"}],"wp:term":[{"taxonomy":"category","embeddable":true,"href":"https:\/\/puxandoassunto.com.br\/site\/wp-json\/wp\/v2\/categories?post=1514"},{"taxonomy":"post_tag","embeddable":true,"href":"https:\/\/puxandoassunto.com.br\/site\/wp-json\/wp\/v2\/tags?post=1514"}],"curies":[{"name":"wp","href":"https:\/\/api.w.org\/{rel}","templated":true}]}}