{"id":1526,"date":"2026-05-01T21:21:05","date_gmt":"2026-05-02T00:21:05","guid":{"rendered":"https:\/\/puxandoassunto.com.br\/site\/?p=1526"},"modified":"2026-05-01T21:54:05","modified_gmt":"2026-05-02T00:54:05","slug":"ia-e-descaso-o-disparate-da-comunicacao-de-raquel-lyra-diante-da-calamidade-no-recife","status":"publish","type":"post","link":"https:\/\/puxandoassunto.com.br\/site\/1526\/","title":{"rendered":"IA e Descaso: O Disparate da Comunica\u00e7\u00e3o de Raquel Lyra Diante da Calamidade no Recife"},"content":{"rendered":"<p style=\"text-align: justify;\">O perfil oficial da governadora Raquel Lyra postou um v\u00eddeo produzido com Intelig\u00eancia Artificial fazendo com\u00e9dia com a situa\u00e7\u00e3o que Recife vive neste momento de muita chuva na capital pernambucana.<\/p>\n<p style=\"text-align: justify;\">Esta situa\u00e7\u00e3o indica \u00e0 popula\u00e7\u00e3o que tipo de assessores est\u00e3o servindo \u00e0 governadora neste momento, em que o que menos se precisa \u00e9 de gente ironizando uma situa\u00e7\u00e3o de calamidade provocada pelas chuvas que caem em Recife.<\/p>\n<p><img loading=\"lazy\" decoding=\"async\" class=\"alignnone size-full wp-image-1532\" src=\"https:\/\/puxandoassunto.com.br\/site\/wp-content\/uploads\/2026\/05\/Captura-de-tela-2026-05-01-201750-1.png\" alt=\"\" width=\"870\" height=\"629\" srcset=\"https:\/\/puxandoassunto.com.br\/site\/wp-content\/uploads\/2026\/05\/Captura-de-tela-2026-05-01-201750-1.png 870w, https:\/\/puxandoassunto.com.br\/site\/wp-content\/uploads\/2026\/05\/Captura-de-tela-2026-05-01-201750-1-300x217.png 300w, https:\/\/puxandoassunto.com.br\/site\/wp-content\/uploads\/2026\/05\/Captura-de-tela-2026-05-01-201750-1-768x555.png 768w\" sizes=\"auto, (max-width: 870px) 100vw, 870px\" \/><\/p>\n<p style=\"text-align: justify;\">No v\u00eddeo, aparecem pessoas surfando, tubar\u00f5es nadando pelas ruas e pessoas ilhadas em um letreiro com o nome da cidade.<\/p>\n<p style=\"text-align: justify;\">Partidarismos \u00e0 parte, penso que talvez seja necess\u00e1rio que a governadora tome medidas adultas e demita os respons\u00e1veis pelo v\u00eddeo \u2014 tanto quem teve a iniciativa de produzi-lo quanto quem permitiu que fosse veiculado no perfil oficial. \u00c9 leg\u00edtimo a qualquer cidad\u00e3o o direito de criticar um determinado governo utilizando-se dos mais variados artif\u00edcios, inclusive as ferramentas digitais que hoje se encontram ao alcance de quem consiga oper\u00e1-las. Por\u00e9m, isso muda quando estamos falando de gestores p\u00fablicos eleitos que, ao inv\u00e9s de realizarem o atendimento \u00e0s v\u00edtimas com seriedade e respeito, est\u00e3o zombando de seus problemas, como no caso das inunda\u00e7\u00f5es em Recife.<\/p>\n<p style=\"text-align: justify;\">Mesmo que a empresa que veicula o v\u00eddeo n\u00e3o seja p\u00fablica, o perfil da governadora comete um disparate ao fazer chacota de uma calamidade p\u00fablica, sendo ela uma gestora e sendo esse o mesmo perfil em que s\u00e3o divulgadas as a\u00e7\u00f5es do governo estadual. Portanto, a p\u00e1gina\u00a0est\u00e1 a servi\u00e7o do Governo de Pernambuco e n\u00e3o pode ser confundida com o pensamento pessoal da cidad\u00e3 Raquel Lyra.<\/p>\n<p><img loading=\"lazy\" decoding=\"async\" class=\"alignnone size-full wp-image-1537\" src=\"https:\/\/puxandoassunto.com.br\/site\/wp-content\/uploads\/2026\/05\/Captura-de-tela-2026-05-01-201729-2.png\" alt=\"\" width=\"935\" height=\"643\" srcset=\"https:\/\/puxandoassunto.com.br\/site\/wp-content\/uploads\/2026\/05\/Captura-de-tela-2026-05-01-201729-2.png 935w, https:\/\/puxandoassunto.com.br\/site\/wp-content\/uploads\/2026\/05\/Captura-de-tela-2026-05-01-201729-2-300x206.png 300w, https:\/\/puxandoassunto.com.br\/site\/wp-content\/uploads\/2026\/05\/Captura-de-tela-2026-05-01-201729-2-768x528.png 768w\" sizes=\"auto, (max-width: 935px) 100vw, 935px\" \/><\/p>\n<p style=\"text-align: justify;\">Esperamos, sinceramente, que a governadora venha a p\u00fablico se retratar sobre o ocorrido e que o Minist\u00e9rio P\u00fablico de Pernambuco n\u00e3o deixe que a moralidade do servi\u00e7o p\u00fablico seja maculada e ridicularizada, investigando quem foram os respons\u00e1veis por esta situa\u00e7\u00e3o absurda. N\u00e3o podemos confundir palanque eleitoral com a \u00e9tica no servi\u00e7o p\u00fablico; h\u00e1 uma clara falta de decoro e de respeito no v\u00eddeo divulgado por meio do perfil institucional da governadora.<\/p>\n<p><img loading=\"lazy\" decoding=\"async\" class=\"alignnone  wp-image-1534\" src=\"https:\/\/puxandoassunto.com.br\/site\/wp-content\/uploads\/2026\/05\/WhatsApp-Image-2026-05-01-at-21.00.50.jpeg\" alt=\"\" width=\"518\" height=\"1151\" srcset=\"https:\/\/puxandoassunto.com.br\/site\/wp-content\/uploads\/2026\/05\/WhatsApp-Image-2026-05-01-at-21.00.50.jpeg 720w, https:\/\/puxandoassunto.com.br\/site\/wp-content\/uploads\/2026\/05\/WhatsApp-Image-2026-05-01-at-21.00.50-135x300.jpeg 135w, https:\/\/puxandoassunto.com.br\/site\/wp-content\/uploads\/2026\/05\/WhatsApp-Image-2026-05-01-at-21.00.50-461x1024.jpeg 461w, https:\/\/puxandoassunto.com.br\/site\/wp-content\/uploads\/2026\/05\/WhatsApp-Image-2026-05-01-at-21.00.50-691x1536.jpeg 691w\" sizes=\"auto, (max-width: 518px) 100vw, 518px\" \/><\/p>\n<p style=\"text-align: justify;\">\u00c9 fato que Recife \u00e9 uma cidade propensa a inunda\u00e7\u00f5es e que este problema \u00e9 de responsabilidade n\u00e3o apenas do prefeito em exerc\u00edcio, mas tamb\u00e9m do governo do estado, que ainda n\u00e3o encontrou uma solu\u00e7\u00e3o para esta problem\u00e1tica. Nem a governadora atual, nem seus parentes que j\u00e1 &#8220;foram governo&#8221;, nem os parentes do prefeito atual ou do antecessor. O povo quer solu\u00e7\u00f5es para os problemas, e n\u00e3o &#8216;gracinhas&#8217; de IA. \u00c9 para isso que escolhem seus representantes.<\/p>\n<p><img loading=\"lazy\" decoding=\"async\" class=\"alignnone  wp-image-1541\" src=\"https:\/\/puxandoassunto.com.br\/site\/wp-content\/uploads\/2026\/05\/WhatsApp-Image-2026-05-01-at-21.00.50-1.jpeg\" alt=\"\" width=\"505\" height=\"1122\" srcset=\"https:\/\/puxandoassunto.com.br\/site\/wp-content\/uploads\/2026\/05\/WhatsApp-Image-2026-05-01-at-21.00.50-1.jpeg 720w, https:\/\/puxandoassunto.com.br\/site\/wp-content\/uploads\/2026\/05\/WhatsApp-Image-2026-05-01-at-21.00.50-1-135x300.jpeg 135w, https:\/\/puxandoassunto.com.br\/site\/wp-content\/uploads\/2026\/05\/WhatsApp-Image-2026-05-01-at-21.00.50-1-461x1024.jpeg 461w, https:\/\/puxandoassunto.com.br\/site\/wp-content\/uploads\/2026\/05\/WhatsApp-Image-2026-05-01-at-21.00.50-1-691x1536.jpeg 691w\" sizes=\"auto, (max-width: 505px) 100vw, 505px\" \/><\/p>\n<p style=\"text-align: justify;\">O v\u00eddeo est\u00e1 sendo veiculado <a href=\"https:\/\/www.instagram.com\/p\/DXzdsDqgUAv\" target=\"_blank\" rel=\"noopener\">NESTE LINK<\/a> at\u00e9 a nossa apura\u00e7\u00e3o.<\/p>\n<p>Outro v\u00eddeo foi postado. Voc\u00ea pode conferir <a href=\"https:\/\/www.instagram.com\/reel\/DXzhCDRRHju\/?igsh=MXE5NmEyY2puYTJpcA==\" target=\"_blank\" rel=\"noopener\">NESTE OUTRO LINK<\/a><\/p>\n","protected":false},"excerpt":{"rendered":"<p>O perfil oficial da governadora Raquel Lyra postou um v\u00eddeo produzido com Intelig\u00eancia Artificial fazendo com\u00e9dia com a situa\u00e7\u00e3o que Recife vive neste momento de muita chuva na capital pernambucana.&hellip;<\/p>\n","protected":false},"author":2,"featured_media":1533,"comment_status":"closed","ping_status":"closed","sticky":false,"template":"","format":"standard","meta":{"_bbp_topic_count":0,"_bbp_reply_count":0,"_bbp_total_topic_count":0,"_bbp_total_reply_count":0,"_bbp_voice_count":0,"_bbp_anonymous_reply_count":0,"_bbp_topic_count_hidden":0,"_bbp_reply_count_hidden":0,"_bbp_forum_subforum_count":0,"_monsterinsights_skip_tracking":false,"_monsterinsights_sitenote_active":false,"_monsterinsights_sitenote_note":"","_monsterinsights_sitenote_category":0,"footnotes":""},"categories":[19],"tags":[],"class_list":["post-1526","post","type-post","status-publish","format-standard","has-post-thumbnail","hentry","category-politica"],"_links":{"self":[{"href":"https:\/\/puxandoassunto.com.br\/site\/wp-json\/wp\/v2\/posts\/1526","targetHints":{"allow":["GET"]}}],"collection":[{"href":"https:\/\/puxandoassunto.com.br\/site\/wp-json\/wp\/v2\/posts"}],"about":[{"href":"https:\/\/puxandoassunto.com.br\/site\/wp-json\/wp\/v2\/types\/post"}],"author":[{"embeddable":true,"href":"https:\/\/puxandoassunto.com.br\/site\/wp-json\/wp\/v2\/users\/2"}],"replies":[{"embeddable":true,"href":"https:\/\/puxandoassunto.com.br\/site\/wp-json\/wp\/v2\/comments?post=1526"}],"version-history":[{"count":7,"href":"https:\/\/puxandoassunto.com.br\/site\/wp-json\/wp\/v2\/posts\/1526\/revisions"}],"predecessor-version":[{"id":1543,"href":"https:\/\/puxandoassunto.com.br\/site\/wp-json\/wp\/v2\/posts\/1526\/revisions\/1543"}],"wp:featuredmedia":[{"embeddable":true,"href":"https:\/\/puxandoassunto.com.br\/site\/wp-json\/wp\/v2\/media\/1533"}],"wp:attachment":[{"href":"https:\/\/puxandoassunto.com.br\/site\/wp-json\/wp\/v2\/media?parent=1526"}],"wp:term":[{"taxonomy":"category","embeddable":true,"href":"https:\/\/puxandoassunto.com.br\/site\/wp-json\/wp\/v2\/categories?post=1526"},{"taxonomy":"post_tag","embeddable":true,"href":"https:\/\/puxandoassunto.com.br\/site\/wp-json\/wp\/v2\/tags?post=1526"}],"curies":[{"name":"wp","href":"https:\/\/api.w.org\/{rel}","templated":true}]}}